{"provider_url": "https://www.palmeirais.pi.leg.br", "title": "Perguntas Frequentes", "html": "<h2><span>Perguntas:</span></h2>\r\n<h2><span><a class=\"anchor-link\" href=\"#P1\" target=\"_self\" title=\"\">1.\u00a0O que faz a c\u00e2mara municipal?</a></span></h2>\r\n<div>\r\n<div class=\"WaaZC\">\r\n<div class=\"RJPOee EIJn2\">\r\n<h2 class=\"anchor-link\"><strong><a class=\"anchor-link\" href=\"#P2\" target=\"_self\" title=\"\">2. Qual \u00e9 o hor\u00e1rio de funcionamento?</a></strong></h2>\r\n</div>\r\n</div>\r\n</div>\r\n<h2 class=\" \"><a class=\"anchor-link\" href=\"#P3\" target=\"_self\" title=\"\">3. Quando ocorre as sess\u00f5es plen\u00e1rias?</a></h2>\r\n<p>\u00a0</p>\r\n<h2 class=\"mceContentBody documentContent template-document_view portaltype-document site-portal section-faq icons-on userrole-member userrole-site administrator userrole-manager userrole-authenticated\">Respostas:</h2>\r\n<p><strong><a name=\"P1\"></a>1. O que faz a C\u00e2mara municipal?</strong></p>\r\n<p>\u00c9 o \u00f3rg\u00e3o do Poder Legislativo do munic\u00edpio e tem v\u00e1rias fun\u00e7\u00f5es, entre elas:</p>\r\n<ul data-hveid=\"CAYQAQ\" data-ved=\"2ahUKEwikwaTpxL-JAxVWrJUCHWAjK1sQm_YKegQIBhAB\">\r\n<li><strong>Legisla\u00e7\u00e3o:</strong>\u00a0Elaborar leis que regulam a administra\u00e7\u00e3o e a conduta do munic\u00edpio<span class=\"UV3uM\">\u00a0</span></li>\r\n<li><strong>Fiscaliza\u00e7\u00e3o:\u00a0</strong>Acompanhar os gastos p\u00fablicos, avaliar os servi\u00e7os municipais e sugerir melhorias nas pol\u00edticas p\u00fablicas<span class=\"UV3uM\">\u00a0</span></li>\r\n<li>\r\n<div class=\"NPrrbc\" data-cid=\"_eBgnZ6SlMNbY1sQP4Mas2QU_11\">\r\n<div class=\"BMebGe btku5b k0Jjg fCrZyc LwdV0e FR7ZSc OJeuxf\" data-hveid=\"CAwQAQ\" data-ved=\"2ahUKEwikwaTpxL-JAxVWrJUCHWAjK1sQ3fYKegQIDBAB\">\r\n<div class=\"niO4u\">\r\n<div class=\"kHtcsd\"><strong>Fun\u00e7\u00e3o deliberativa:</strong>\u00a0Eleger e destituir a Mesa Diretora, elaborar o Regimento Interno, dar posse ao Prefeito e ao Vice-Prefeito, entre outras</div>\r\n</div>\r\n</div>\r\n</div>\r\n</li>\r\n</ul>\r\n<div></div>\r\n<div><strong><a name=\"P2\"></a>2. Qual \u00e9 o hor\u00e1rio de funcionamento?</strong></div>\r\n<p class=\" \"><span>A C\u00e2mara municipal funciona de segunda-feira \u00e0 sexta-feira, nos hor\u00e1rios de 8h \u00e0s 12h</span></p>\r\n<p class=\" \"><strong><a name=\"P3\"></a>3. Quando ocorre as sess\u00f5es plen\u00e1rias?</strong></p>\r\n<p class=\" \"><span>As sess\u00f5es plen\u00e1rias ocorre todas as sextas-feiras a partir das 9:00h</span></p>", "author_name": "Interlegis", "version": "1.0", "author_url": "https://www.palmeirais.pi.leg.br/author/Interlegis", "provider_name": "C\u00e2mara Municipal de Palmeirais", "type": "rich"}